{"id":32768,"date":"2026-09-01T11:16:42","date_gmt":"2026-09-01T09:16:42","guid":{"rendered":"https:\/\/www.lesmierz.edu.pl\/?p=32768"},"modified":"2026-09-02T11:18:02","modified_gmt":"2026-09-02T09:18:02","slug":"witaj-szkolo-2","status":"publish","type":"post","link":"https:\/\/www.lesmierz.edu.pl\/?p=32768","title":{"rendered":"Witaj szko\u0142o!"},"content":{"rendered":"\n<p class=\"wp-block-paragraph\">Min\u0119\u0142y wakacje. Po dw\u00f3ch miesi\u0105cach odpoczynku i \u0142adowania baterii ponownie spotkali\u015bmy si\u0119 na sali gimnastycznej, by uroczy\u015bcie rozpocz\u0105\u0107 kolejny rok nauki. Po oficjalnej cz\u0119\u015bci akademii, uczniowie zaprezentowali kr\u00f3tki program artystyczny, w kt\u00f3rym nie brakowa\u0142o dobrej energii i serdecznych \u017cycze\u0144 na kolejne 10 miesi\u0119cy nauki.<\/p>\n\n\n\n<p class=\"wp-block-paragraph\">My r\u00f3wnie\u017c \u017cyczymy ca\u0142ej szkolnej spo\u0142eczno\u015bci, aby to by\u0142 wyj\u0105tkowo udany i owocny rok szkolny.<\/p>\n\n\n\n<p class=\"has-text-align-right wp-block-paragraph\">Justyna Bugno<\/p>\n\n\n\n<p class=\"has-text-align-right wp-block-paragraph\">Justyna Przybyszewska<\/p>\n\n\n\n<p class=\"has-text-align-right wp-block-paragraph\">Arkadiusz Wyderkiewicz<\/p>\n\n\n\n<figure class=\"wp-block-gallery has-nested-images columns-default is-cropped wp-block-gallery-1 is-layout-flex wp-block-gallery-is-layout-flex\">\n<figure class=\"wp-block-image size-large\"><img loading=\"lazy\" decoding=\"async\" width=\"1024\" height=\"768\" data-id=\"32770\" src=\"https:\/\/www.lesmierz.edu.pl\/wp-content\/uploads\/2026\/09\/1000022954-1024x768.jpg\" alt=\"\" class=\"wp-image-32770\" srcset=\"https:\/\/www.lesmierz.edu.pl\/wp-content\/uploads\/2026\/09\/1000022954-1024x768.jpg 1024w, https:\/\/www.lesmierz.edu.pl\/wp-content\/uploads\/2026\/09\/1000022954-300x225.jpg 300w, https:\/\/www.lesmierz.edu.pl\/wp-content\/uploads\/2026\/09\/1000022954-768x576.jpg 768w, https:\/\/www.lesmierz.edu.pl\/wp-content\/uploads\/2026\/09\/1000022954-360x270.jpg 360w, https:\/\/www.lesmierz.edu.pl\/wp-content\/uploads\/2026\/09\/1000022954-scaled.jpg 1420w\" sizes=\"auto, (max-width: 1024px) 100vw, 1024px\" \/><\/figure>\n\n\n\n<figure class=\"wp-block-image size-large\"><img loading=\"lazy\" decoding=\"async\" width=\"1024\" height=\"768\" data-id=\"32771\" src=\"https:\/\/www.lesmierz.edu.pl\/wp-content\/uploads\/2026\/09\/1000022952-1024x768.jpg\" alt=\"\" class=\"wp-image-32771\" srcset=\"https:\/\/www.lesmierz.edu.pl\/wp-content\/uploads\/2026\/09\/1000022952-1024x768.jpg 1024w, https:\/\/www.lesmierz.edu.pl\/wp-content\/uploads\/2026\/09\/1000022952-300x225.jpg 300w, https:\/\/www.lesmierz.edu.pl\/wp-content\/uploads\/2026\/09\/1000022952-768x576.jpg 768w, https:\/\/www.lesmierz.edu.pl\/wp-content\/uploads\/2026\/09\/1000022952-360x270.jpg 360w, https:\/\/www.lesmierz.edu.pl\/wp-content\/uploads\/2026\/09\/1000022952-scaled.jpg 1420w\" sizes=\"auto, (max-width: 1024px) 100vw, 1024px\" \/><\/figure>\n\n\n\n<figure class=\"wp-block-image size-large\"><img loading=\"lazy\" decoding=\"async\" width=\"1024\" height=\"768\" data-id=\"32772\" src=\"https:\/\/www.lesmierz.edu.pl\/wp-content\/uploads\/2026\/09\/1000022955-1024x768.jpg\" alt=\"\" class=\"wp-image-32772\" srcset=\"https:\/\/www.lesmierz.edu.pl\/wp-content\/uploads\/2026\/09\/1000022955-1024x768.jpg 1024w, https:\/\/www.lesmierz.edu.pl\/wp-content\/uploads\/2026\/09\/1000022955-300x225.jpg 300w, https:\/\/www.lesmierz.edu.pl\/wp-content\/uploads\/2026\/09\/1000022955-768x576.jpg 768w, https:\/\/www.lesmierz.edu.pl\/wp-content\/uploads\/2026\/09\/1000022955-360x270.jpg 360w, https:\/\/www.lesmierz.edu.pl\/wp-content\/uploads\/2026\/09\/1000022955-scaled.jpg 1420w\" sizes=\"auto, (max-width: 1024px) 100vw, 1024px\" \/><\/figure>\n\n\n\n<figure class=\"wp-block-image size-large\"><img loading=\"lazy\" decoding=\"async\" width=\"1024\" height=\"768\" data-id=\"32773\" src=\"https:\/\/www.lesmierz.edu.pl\/wp-content\/uploads\/2026\/09\/1000022949-1024x768.jpg\" alt=\"\" class=\"wp-image-32773\" srcset=\"https:\/\/www.lesmierz.edu.pl\/wp-content\/uploads\/2026\/09\/1000022949-1024x768.jpg 1024w, https:\/\/www.lesmierz.edu.pl\/wp-content\/uploads\/2026\/09\/1000022949-300x225.jpg 300w, https:\/\/www.lesmierz.edu.pl\/wp-content\/uploads\/2026\/09\/1000022949-768x576.jpg 768w, https:\/\/www.lesmierz.edu.pl\/wp-content\/uploads\/2026\/09\/1000022949-360x270.jpg 360w, https:\/\/www.lesmierz.edu.pl\/wp-content\/uploads\/2026\/09\/1000022949-scaled.jpg 1420w\" sizes=\"auto, (max-width: 1024px) 100vw, 1024px\" \/><\/figure>\n<\/figure>\n","protected":false},"excerpt":{"rendered":"<p>Min\u0119\u0142y wakacje. Po dw\u00f3ch miesi\u0105cach odpoczynku i \u0142adowania baterii ponownie spotkali\u015bmy si\u0119 na sali gimnastycznej, by uroczy\u015bcie rozpocz\u0105\u0107 kolejny rok nauki. Po oficjalnej cz\u0119\u015bci akademii, uczniowie zaprezentowali kr\u00f3tki program artystyczny, <a href=\"https:\/\/www.lesmierz.edu.pl\/?p=32768\" class=\"read-more\">wi\u0119cej &#8230;<\/a><\/p>\n","protected":false},"author":38,"featured_media":32774,"comment_status":"closed","ping_status":"open","sticky":false,"template":"","format":"standard","meta":{"ngg_post_thumbnail":0,"footnotes":""},"categories":[1],"tags":[],"class_list":["post-32768","post","type-post","status-publish","format-standard","has-post-thumbnail","hentry","category-wiadomosci"],"_links":{"self":[{"href":"https:\/\/www.lesmierz.edu.pl\/index.php?rest_route=\/wp\/v2\/posts\/32768","targetHints":{"allow":["GET"]}}],"collection":[{"href":"https:\/\/www.lesmierz.edu.pl\/index.php?rest_route=\/wp\/v2\/posts"}],"about":[{"href":"https:\/\/www.lesmierz.edu.pl\/index.php?rest_route=\/wp\/v2\/types\/post"}],"author":[{"embeddable":true,"href":"https:\/\/www.lesmierz.edu.pl\/index.php?rest_route=\/wp\/v2\/users\/38"}],"replies":[{"embeddable":true,"href":"https:\/\/www.lesmierz.edu.pl\/index.php?rest_route=%2Fwp%2Fv2%2Fcomments&post=32768"}],"version-history":[{"count":2,"href":"https:\/\/www.lesmierz.edu.pl\/index.php?rest_route=\/wp\/v2\/posts\/32768\/revisions"}],"predecessor-version":[{"id":32776,"href":"https:\/\/www.lesmierz.edu.pl\/index.php?rest_route=\/wp\/v2\/posts\/32768\/revisions\/32776"}],"wp:featuredmedia":[{"embeddable":true,"href":"https:\/\/www.lesmierz.edu.pl\/index.php?rest_route=\/wp\/v2\/media\/32774"}],"wp:attachment":[{"href":"https:\/\/www.lesmierz.edu.pl\/index.php?rest_route=%2Fwp%2Fv2%2Fmedia&parent=32768"}],"wp:term":[{"taxonomy":"category","embeddable":true,"href":"https:\/\/www.lesmierz.edu.pl\/index.php?rest_route=%2Fwp%2Fv2%2Fcategories&post=32768"},{"taxonomy":"post_tag","embeddable":true,"href":"https:\/\/www.lesmierz.edu.pl\/index.php?rest_route=%2Fwp%2Fv2%2Ftags&post=32768"}],"curies":[{"name":"wp","href":"https:\/\/api.w.org\/{rel}","templated":true}]}}