{"id":32758,"date":"2026-09-01T07:50:36","date_gmt":"2026-09-01T05:50:36","guid":{"rendered":"https:\/\/www.lesmierz.edu.pl\/?p=32758"},"modified":"2026-09-01T07:50:36","modified_gmt":"2026-09-01T05:50:36","slug":"list-minister-edukacji-na-rozpoczecie-roku-szkolnego-2026-2027","status":"publish","type":"post","link":"https:\/\/www.lesmierz.edu.pl\/?p=32758","title":{"rendered":"List minister edukacji na rozpocz\u0119cie roku szkolnego 2026\/2027"},"content":{"rendered":"\n<p class=\"wp-block-paragraph\">Z okazji nowego roku szkolnego 2026\/2027 minister edukacji Barbara Nowacka zwr\u00f3ci\u0142a si\u0119 w li\u015bcie do uczni\u00f3w i uczennic, rodzic\u00f3w, nauczycieli i nauczycielek. Podkre\u015bli\u0142a, \u017ce szko\u0142a jest wa\u017cnym miejscem dla lokalnej spo\u0142eczno\u015bci, w kt\u00f3rym nauczyciele, uczniowie i rodzice wsp\u00f3lnie tworz\u0105 \u015brodowisko sprzyjaj\u0105ce wszechstronnemu rozwojowi.<\/p>\n\n\n<div class=\"wp-block-pdfemb-pdf-embedder-viewer\"><a href=\"https:\/\/www.lesmierz.edu.pl\/wp-content\/uploads\/2026\/09\/List_Minister_Edukacji_Barbary_Nowackiej_na_rozpoczecie_roku_szkolnego.pdf\" class=\"pdfemb-viewer\" style=\"\" data-width=\"max\" data-height=\"max\" data-toolbar=\"bottom\" data-toolbar-fixed=\"off\">List_Minister_Edukacji_Barbary_Nowackiej_na_rozpoczecie_roku_szkolnego<\/a><\/div>","protected":false},"excerpt":{"rendered":"<p>Z okazji nowego roku szkolnego 2026\/2027 minister edukacji Barbara Nowacka zwr\u00f3ci\u0142a si\u0119 w li\u015bcie do uczni\u00f3w i uczennic, rodzic\u00f3w, nauczycieli i nauczycielek. Podkre\u015bli\u0142a, \u017ce szko\u0142a jest wa\u017cnym miejscem dla lokalnej <a href=\"https:\/\/www.lesmierz.edu.pl\/?p=32758\" class=\"read-more\">wi\u0119cej &#8230;<\/a><\/p>\n","protected":false},"author":19,"featured_media":32760,"comment_status":"closed","ping_status":"open","sticky":false,"template":"","format":"standard","meta":{"ngg_post_thumbnail":0,"footnotes":""},"categories":[13,1],"tags":[],"class_list":["post-32758","post","type-post","status-publish","format-standard","has-post-thumbnail","hentry","category-dyrektor","category-wiadomosci"],"_links":{"self":[{"href":"https:\/\/www.lesmierz.edu.pl\/index.php?rest_route=\/wp\/v2\/posts\/32758","targetHints":{"allow":["GET"]}}],"collection":[{"href":"https:\/\/www.lesmierz.edu.pl\/index.php?rest_route=\/wp\/v2\/posts"}],"about":[{"href":"https:\/\/www.lesmierz.edu.pl\/index.php?rest_route=\/wp\/v2\/types\/post"}],"author":[{"embeddable":true,"href":"https:\/\/www.lesmierz.edu.pl\/index.php?rest_route=\/wp\/v2\/users\/19"}],"replies":[{"embeddable":true,"href":"https:\/\/www.lesmierz.edu.pl\/index.php?rest_route=%2Fwp%2Fv2%2Fcomments&post=32758"}],"version-history":[{"count":1,"href":"https:\/\/www.lesmierz.edu.pl\/index.php?rest_route=\/wp\/v2\/posts\/32758\/revisions"}],"predecessor-version":[{"id":32761,"href":"https:\/\/www.lesmierz.edu.pl\/index.php?rest_route=\/wp\/v2\/posts\/32758\/revisions\/32761"}],"wp:featuredmedia":[{"embeddable":true,"href":"https:\/\/www.lesmierz.edu.pl\/index.php?rest_route=\/wp\/v2\/media\/32760"}],"wp:attachment":[{"href":"https:\/\/www.lesmierz.edu.pl\/index.php?rest_route=%2Fwp%2Fv2%2Fmedia&parent=32758"}],"wp:term":[{"taxonomy":"category","embeddable":true,"href":"https:\/\/www.lesmierz.edu.pl\/index.php?rest_route=%2Fwp%2Fv2%2Fcategories&post=32758"},{"taxonomy":"post_tag","embeddable":true,"href":"https:\/\/www.lesmierz.edu.pl\/index.php?rest_route=%2Fwp%2Fv2%2Ftags&post=32758"}],"curies":[{"name":"wp","href":"https:\/\/api.w.org\/{rel}","templated":true}]}}