{"id":31708,"date":"2026-04-21T09:30:57","date_gmt":"2026-04-21T07:30:57","guid":{"rendered":"https:\/\/www.lesmierz.edu.pl\/?p=31708"},"modified":"2026-04-21T09:30:57","modified_gmt":"2026-04-21T07:30:57","slug":"zebrania-rodzicow-z-wychowawcami-2","status":"publish","type":"post","link":"https:\/\/www.lesmierz.edu.pl\/?p=31708","title":{"rendered":"Zebrania rodzic\u00f3w z wychowawcami"},"content":{"rendered":"\n<p>Serdecznie zapraszamy wszystkich rodzic\u00f3w na spotkania z wychowawcami i nauczycielami, kt\u00f3re odb\u0119d\u0105 si\u0119 w \u015brod\u0119, tj.\u00a0<strong>6\u00a0maja<\/strong>\u00a0o godz.\u00a0<strong>15.30\u00a0dla klas 1-3<\/strong>\u00a0oraz o godz.\u00a0<strong>16.00<\/strong>\u00a0<strong>dla klas 4-8<\/strong>\u00a0w nast\u0119puj\u0105cych salach lekcyjnych:<\/p>\n\n\n\n<p><strong>Klasa 1 \u2013&nbsp;p. Bo\u017cena Andrysiak,&nbsp; sala B07<\/strong>;<\/p>\n\n\n\n<p><strong>Klasa 2 \u2013 p. Mariola Cieluch,&nbsp; sala B06<\/strong>;<\/p>\n\n\n\n<p><strong>Klasa 3 \u2013 p. Ewa J\u00f3zwiak,&nbsp; sala B02<\/strong>;<\/p>\n\n\n\n<p><strong>Klasa 4 \u2013 p. Marcin Kr\u00f3lewiak, sala A208<\/strong>;<\/p>\n\n\n\n<p><strong>Klasa 5 \u2013 p. Ewelina Pietruszewska, sala A204<\/strong>;<\/p>\n\n\n\n<p><strong>Klasa 6 \u2013 p. Piotr \u015aliwi\u0144ski,&nbsp; sala A209<\/strong>;<\/p>\n\n\n\n<p><strong>Klasa 7 \u2013 p. Jolanta Kuropatwa, sala A101<\/strong>;<\/p>\n\n\n\n<p><strong>Klasa 8 \u2013 p. El\u017cbieta Okonkoska, sala A104<\/strong>.<\/p>\n","protected":false},"excerpt":{"rendered":"<p>Serdecznie zapraszamy wszystkich rodzic\u00f3w na spotkania z wychowawcami i nauczycielami, kt\u00f3re odb\u0119d\u0105 si\u0119 w \u015brod\u0119, tj.\u00a06\u00a0maja\u00a0o godz.\u00a015.30\u00a0dla klas 1-3\u00a0oraz o godz.\u00a016.00\u00a0dla klas 4-8\u00a0w nast\u0119puj\u0105cych salach lekcyjnych: Klasa 1 \u2013&nbsp;p. Bo\u017cena <a href=\"https:\/\/www.lesmierz.edu.pl\/?p=31708\" class=\"read-more\">wi\u0119cej &#8230;<\/a><\/p>\n","protected":false},"author":19,"featured_media":31710,"comment_status":"closed","ping_status":"open","sticky":false,"template":"","format":"standard","meta":{"ngg_post_thumbnail":0,"footnotes":""},"categories":[13,1],"tags":[],"class_list":["post-31708","post","type-post","status-publish","format-standard","has-post-thumbnail","hentry","category-dyrektor","category-wiadomosci"],"_links":{"self":[{"href":"https:\/\/www.lesmierz.edu.pl\/index.php?rest_route=\/wp\/v2\/posts\/31708","targetHints":{"allow":["GET"]}}],"collection":[{"href":"https:\/\/www.lesmierz.edu.pl\/index.php?rest_route=\/wp\/v2\/posts"}],"about":[{"href":"https:\/\/www.lesmierz.edu.pl\/index.php?rest_route=\/wp\/v2\/types\/post"}],"author":[{"embeddable":true,"href":"https:\/\/www.lesmierz.edu.pl\/index.php?rest_route=\/wp\/v2\/users\/19"}],"replies":[{"embeddable":true,"href":"https:\/\/www.lesmierz.edu.pl\/index.php?rest_route=%2Fwp%2Fv2%2Fcomments&post=31708"}],"version-history":[{"count":1,"href":"https:\/\/www.lesmierz.edu.pl\/index.php?rest_route=\/wp\/v2\/posts\/31708\/revisions"}],"predecessor-version":[{"id":31709,"href":"https:\/\/www.lesmierz.edu.pl\/index.php?rest_route=\/wp\/v2\/posts\/31708\/revisions\/31709"}],"wp:featuredmedia":[{"embeddable":true,"href":"https:\/\/www.lesmierz.edu.pl\/index.php?rest_route=\/wp\/v2\/media\/31710"}],"wp:attachment":[{"href":"https:\/\/www.lesmierz.edu.pl\/index.php?rest_route=%2Fwp%2Fv2%2Fmedia&parent=31708"}],"wp:term":[{"taxonomy":"category","embeddable":true,"href":"https:\/\/www.lesmierz.edu.pl\/index.php?rest_route=%2Fwp%2Fv2%2Fcategories&post=31708"},{"taxonomy":"post_tag","embeddable":true,"href":"https:\/\/www.lesmierz.edu.pl\/index.php?rest_route=%2Fwp%2Fv2%2Ftags&post=31708"}],"curies":[{"name":"wp","href":"https:\/\/api.w.org\/{rel}","templated":true}]}}