{"id":31406,"date":"2026-03-09T15:04:07","date_gmt":"2026-03-09T14:04:07","guid":{"rendered":"https:\/\/www.lesmierz.edu.pl\/?p=31406"},"modified":"2026-03-09T17:24:03","modified_gmt":"2026-03-09T16:24:03","slug":"wyniki-konkursu-plastycznego-mein-freund-teddy-moj-przyjaciel-mis-5","status":"publish","type":"post","link":"https:\/\/www.lesmierz.edu.pl\/?p=31406","title":{"rendered":"Wyniki Konkursu Plastycznego \u201eMein Freund Teddy \u2013 M\u00f3j Przyjaciel Mi\u015b\u201d"},"content":{"rendered":"\n<p>Z przyjemno\u015bci\u0105 informujemy, \u017ce konkurs plastyczny <strong>\u201eMein Freund Teddy auf Tour \u2013 M\u00f3j przyjaciel Mi\u015b na wycieczce\u201d<\/strong> zosta\u0142 rozstrzygni\u0119ty.<\/p>\n\n\n\n<p>Zadaniem uczestnik\u00f3w by\u0142o wykonanie pracy plastycznej przedstawiaj\u0105cej misia podczas wyjazdu lub podr\u00f3\u017cy. Prace mog\u0142y by\u0107 wykonane w dowolnym formacie oraz technik\u0105 wybran\u0105 przez uczestnika. Celem konkursu by\u0142o rozwijanie zdolno\u015bci plastycznych dzieci, pobudzanie ich wyobra\u017ani, prezentacja talent\u00f3w artystycznych oraz wspieranie rozwoju umiej\u0119tno\u015bci j\u0119zykowych z j\u0119zyka niemieckiego.<\/p>\n\n\n\n<p>W tegorocznej edycji konkursu wzi\u0119\u0142o udzia\u0142 <strong>5 uczni\u00f3w naszej szko\u0142y<\/strong><strong>.<\/strong> Wszystkie prace mo\u017cna obejrze\u0107 w <strong>galerii szkolnej<\/strong><strong>.<\/strong><\/p>\n\n\n\n<p><strong>Wyniki konkursu:<\/strong><\/p>\n\n\n\n<ul class=\"wp-block-list\">\n<li><strong>I miejsce ex aequo:<\/strong> Lena Rzepkowska oraz Maja Rzepkowska z klasy II<\/li>\n\n\n\n<li><strong>Wyr\u00f3\u017cnienie:<\/strong> Nadia Maciejewska z klasy II<\/li>\n<\/ul>\n\n\n\n<p><strong>Dyplomy za udzia\u0142 otrzymali:<\/strong><\/p>\n\n\n\n<ul class=\"wp-block-list\">\n<li>Klaudia Dobrysiak z klasy II<\/li>\n\n\n\n<li>Jakub Bednarek z klasy I<\/li>\n<\/ul>\n\n\n\n<p>Z ogromn\u0105 przyjemno\u015bci\u0105 ogl\u0105da\u0142y\u015bmy prace wszystkich uczestnik\u00f3w konkursu. Mamy nadziej\u0119, \u017ce dzieci b\u0119d\u0105 dalej rozwija\u0107 swoj\u0105 tw\u00f3rczo\u015b\u0107 plastyczn\u0105 oraz umiej\u0119tno\u015bci j\u0119zykowe. Takiej kreatywno\u015bci mo\u017cemy im tylko pozazdro\u015bci\u0107!<\/p>\n\n\n\n<p>Serdeczne podzi\u0119kowania kierujemy r\u00f3wnie\u017c do <strong>wydawnictwa Klett<\/strong> za ufundowanie nagr\u00f3d dla uczestnik\u00f3w konkursu. Dzi\u0119ki takiemu wsparciu mo\u017cemy wsp\u00f3lnie rozwija\u0107 pasje i talenty naszych uczni\u00f3w.<\/p>\n\n\n\n<p class=\"has-text-align-right\"><em>Katarzyna Modli\u0144ska<\/em><\/p>\n\n\n\n<p class=\"has-text-align-right\"><em>Aneta Geraga<\/em><\/p>\n\n\n\n<p class=\"has-text-align-right\"><em>Justyna Przybyszewska<\/em><\/p>\n\n\n\n<p class=\"has-text-align-right\"><\/p>\n","protected":false},"excerpt":{"rendered":"<p>Z przyjemno\u015bci\u0105 informujemy, \u017ce konkurs plastyczny \u201eMein Freund Teddy auf Tour \u2013 M\u00f3j przyjaciel Mi\u015b na wycieczce\u201d zosta\u0142 rozstrzygni\u0119ty. Zadaniem uczestnik\u00f3w by\u0142o wykonanie pracy plastycznej przedstawiaj\u0105cej misia podczas wyjazdu lub <a href=\"https:\/\/www.lesmierz.edu.pl\/?p=31406\" class=\"read-more\">wi\u0119cej &#8230;<\/a><\/p>\n","protected":false},"author":38,"featured_media":31407,"comment_status":"closed","ping_status":"open","sticky":false,"template":"","format":"standard","meta":{"ngg_post_thumbnail":0,"footnotes":""},"categories":[1],"tags":[],"class_list":["post-31406","post","type-post","status-publish","format-standard","has-post-thumbnail","hentry","category-wiadomosci"],"_links":{"self":[{"href":"https:\/\/www.lesmierz.edu.pl\/index.php?rest_route=\/wp\/v2\/posts\/31406","targetHints":{"allow":["GET"]}}],"collection":[{"href":"https:\/\/www.lesmierz.edu.pl\/index.php?rest_route=\/wp\/v2\/posts"}],"about":[{"href":"https:\/\/www.lesmierz.edu.pl\/index.php?rest_route=\/wp\/v2\/types\/post"}],"author":[{"embeddable":true,"href":"https:\/\/www.lesmierz.edu.pl\/index.php?rest_route=\/wp\/v2\/users\/38"}],"replies":[{"embeddable":true,"href":"https:\/\/www.lesmierz.edu.pl\/index.php?rest_route=%2Fwp%2Fv2%2Fcomments&post=31406"}],"version-history":[{"count":3,"href":"https:\/\/www.lesmierz.edu.pl\/index.php?rest_route=\/wp\/v2\/posts\/31406\/revisions"}],"predecessor-version":[{"id":31411,"href":"https:\/\/www.lesmierz.edu.pl\/index.php?rest_route=\/wp\/v2\/posts\/31406\/revisions\/31411"}],"wp:featuredmedia":[{"embeddable":true,"href":"https:\/\/www.lesmierz.edu.pl\/index.php?rest_route=\/wp\/v2\/media\/31407"}],"wp:attachment":[{"href":"https:\/\/www.lesmierz.edu.pl\/index.php?rest_route=%2Fwp%2Fv2%2Fmedia&parent=31406"}],"wp:term":[{"taxonomy":"category","embeddable":true,"href":"https:\/\/www.lesmierz.edu.pl\/index.php?rest_route=%2Fwp%2Fv2%2Fcategories&post=31406"},{"taxonomy":"post_tag","embeddable":true,"href":"https:\/\/www.lesmierz.edu.pl\/index.php?rest_route=%2Fwp%2Fv2%2Ftags&post=31406"}],"curies":[{"name":"wp","href":"https:\/\/api.w.org\/{rel}","templated":true}]}}