{"id":31382,"date":"2026-03-15T17:50:00","date_gmt":"2026-03-15T16:50:00","guid":{"rendered":"https:\/\/www.lesmierz.edu.pl\/?p=31382"},"modified":"2026-03-15T17:50:00","modified_gmt":"2026-03-15T16:50:00","slug":"akcja-charytatywna-w-naszej-szkole","status":"publish","type":"post","link":"https:\/\/www.lesmierz.edu.pl\/?p=31382","title":{"rendered":"Akcja charytatywna w naszej szkole"},"content":{"rendered":"\n<p><strong>Drodzy uczniowie oraz rodzice<\/strong>,<\/p>\n\n\n\n<p>\u200bnasza szkolna spo\u0142eczno\u015b\u0107 to co\u015b wi\u0119cej ni\u017c tylko mury i lekcje \u2013 to przede wszystkim ludzie, kt\u00f3rzy mog\u0105 na siebie liczy\u0107 w trudnych chwilach. Dzi\u015b jedna z naszych uczennic potrzebuje wsparcia w walce o zdrowie.<\/p>\n\n\n\n<p>\u200bNie mo\u017cemy zosta\u0107 oboj\u0119tni! <\/p>\n\n\n\n<p><strong>28 marca 2026 r. o godzinie 9:00<\/strong> zapraszamy wszystkich do naszej szko\u0142y, aby w\u0142\u0105czy\u0107 si\u0119 w zbi\u00f3rk\u0119, z kt\u00f3rej ca\u0142kowity doch\u00f3d zostanie przekazany na leczenie naszej kole\u017canki.<\/p>\n\n\n\n<p>Dzi\u0119kujemy za ka\u017cde otwarte serce!<\/p>\n\n\n\n<p><\/p>\n","protected":false},"excerpt":{"rendered":"<p>Drodzy uczniowie oraz rodzice, \u200bnasza szkolna spo\u0142eczno\u015b\u0107 to co\u015b wi\u0119cej ni\u017c tylko mury i lekcje \u2013 to przede wszystkim ludzie, kt\u00f3rzy mog\u0105 na siebie liczy\u0107 w trudnych chwilach. Dzi\u015b jedna <a href=\"https:\/\/www.lesmierz.edu.pl\/?p=31382\" class=\"read-more\">wi\u0119cej &#8230;<\/a><\/p>\n","protected":false},"author":23,"featured_media":31390,"comment_status":"closed","ping_status":"open","sticky":false,"template":"","format":"standard","meta":{"ngg_post_thumbnail":0,"footnotes":""},"categories":[13,1],"tags":[],"class_list":["post-31382","post","type-post","status-publish","format-standard","has-post-thumbnail","hentry","category-dyrektor","category-wiadomosci"],"_links":{"self":[{"href":"https:\/\/www.lesmierz.edu.pl\/index.php?rest_route=\/wp\/v2\/posts\/31382","targetHints":{"allow":["GET"]}}],"collection":[{"href":"https:\/\/www.lesmierz.edu.pl\/index.php?rest_route=\/wp\/v2\/posts"}],"about":[{"href":"https:\/\/www.lesmierz.edu.pl\/index.php?rest_route=\/wp\/v2\/types\/post"}],"author":[{"embeddable":true,"href":"https:\/\/www.lesmierz.edu.pl\/index.php?rest_route=\/wp\/v2\/users\/23"}],"replies":[{"embeddable":true,"href":"https:\/\/www.lesmierz.edu.pl\/index.php?rest_route=%2Fwp%2Fv2%2Fcomments&post=31382"}],"version-history":[{"count":5,"href":"https:\/\/www.lesmierz.edu.pl\/index.php?rest_route=\/wp\/v2\/posts\/31382\/revisions"}],"predecessor-version":[{"id":31391,"href":"https:\/\/www.lesmierz.edu.pl\/index.php?rest_route=\/wp\/v2\/posts\/31382\/revisions\/31391"}],"wp:featuredmedia":[{"embeddable":true,"href":"https:\/\/www.lesmierz.edu.pl\/index.php?rest_route=\/wp\/v2\/media\/31390"}],"wp:attachment":[{"href":"https:\/\/www.lesmierz.edu.pl\/index.php?rest_route=%2Fwp%2Fv2%2Fmedia&parent=31382"}],"wp:term":[{"taxonomy":"category","embeddable":true,"href":"https:\/\/www.lesmierz.edu.pl\/index.php?rest_route=%2Fwp%2Fv2%2Fcategories&post=31382"},{"taxonomy":"post_tag","embeddable":true,"href":"https:\/\/www.lesmierz.edu.pl\/index.php?rest_route=%2Fwp%2Fv2%2Ftags&post=31382"}],"curies":[{"name":"wp","href":"https:\/\/api.w.org\/{rel}","templated":true}]}}